{"id":17839,"date":"2024-01-25T10:30:43","date_gmt":"2024-01-25T09:30:43","guid":{"rendered":"https:\/\/efc-skola.sk\/?p=17839"},"modified":"2024-01-25T10:35:48","modified_gmt":"2024-01-25T09:35:48","slug":"vychova-k-podnikavosti-uz-od-zakladnej-skoly","status":"publish","type":"post","link":"https:\/\/efc-skola.sk\/en\/vychova-k-podnikavosti-uz-od-zakladnej-skoly\/","title":{"rendered":"V\u00fdchova k podnikavosti u\u017e od z\u00e1kladnej \u0161koly"},"content":{"rendered":"<p class=\"has-black-color has-white-background-color has-text-color has-background has-link-color wp-elements-208cfc0581d2cccf40b576032bf405cc\">V dne\u0161nej dobe je podnikanie viac ne\u017e len vlastn\u00fd biznis. Je to nov\u00fd my\u0161lienkov\u00fd r\u00e1mec, ktor\u00fd m\u00f4\u017ee otvori\u0165 dvere mlad\u00e9ho \u010dloveka k tvorbe pr\u00edle\u017eitost\u00ed, inov\u00e1ci\u00e1m a osobn\u00e9mu rozvoju a celkov\u00e9mu \u00faspechu v \u017eivote, ktor\u00fd sa net\u00fdka len zaroben\u00fdch pe\u0148az\u00ed.<\/p>\n\n\n\n<p class=\"has-black-color has-white-background-color has-text-color has-background has-link-color wp-elements-320b27d3e986dd418c5124b3da6f29fd\">Preto nie je prekvapuj\u00face, \u017ee st\u00e1le viac mlad\u00fdch \u013eud\u00ed sa sna\u017e\u00ed z\u00edskava\u0165 podnikate\u013esk\u00e9 vzdelanie u\u017e po\u010das strednej \u010di vysokej \u0161koly. Kedy je ten spr\u00e1vny \u010das vies\u0165 deti k akt\u00edvnemu pozorovaniu svojho okolia? Kedy za\u010da\u0165 u\u010di\u0165 o deti by\u0165 akt\u00edvnou s\u00fa\u010das\u0165ou spolo\u010dnosti? Mnoh\u00ed odborn\u00edci sa zhoduj\u00fa, \u017ee je to mo\u017en\u00e9 a v\u00edtan\u00e9 e\u0161te ove\u013ea sk\u00f4r.<\/p>\n\n\n\n<p class=\"has-black-color has-white-background-color has-text-color has-background has-link-color has-medium-font-size wp-elements-75593d0eb0bb45f643c6485b5c54b92e\"><strong>Pr\u00edprava na akt\u00edvny \u017eivot odmali\u010dka<\/strong><\/p>\n\n\n\n<p class=\"has-black-color has-white-background-color has-text-color has-background has-link-color wp-elements-f3edc62582a5734a378ec8633aa0717a\">Tradi\u010dn\u00e9 \u0161tudijn\u00e9 osnovy na z\u00e1kladn\u00fdch \u0161kol\u00e1ch m\u00f4\u017eu by\u0165 pre deti fajn z\u00e1kladom, ale samotn\u00fd sp\u00f4sob vzdel\u00e1vania nezodpoved\u00e1 dne\u0161n\u00e9mu r\u00fdchlemu svetu. Inform\u00e1cie m\u00e1me predsa na dosah ruky. Vzdel\u00e1vanie v \u0161kol\u00e1ch si zasl\u00fa\u017ei viac priestoru pre rozvoj praktick\u00fdch zru\u010dnost\u00ed potrebn\u00fdch pre \u00faspech v re\u00e1lnom svete.&nbsp;<\/p>\n\n\n\n<p class=\"has-black-color has-white-background-color has-text-color has-background has-link-color wp-elements-e93404e1b3c274d3a7d1d764144fe62f\">Mlad\u00ed \u013eudia potrebuj\u00fa viac ako len teoretick\u00e9 znalosti a memorovanie &#8211; potrebuj\u00fa schopnos\u0165 kreat\u00edvne rie\u0161i\u0165 v\u00fdzvy dne\u0161n\u00fdch dn\u00ed, vyh\u013eada\u0165 si inform\u00e1cie ktor\u00e9 pr\u00e1ve potrebuj\u00fa, schopnos\u0165 vyu\u017e\u00edva\u0165 informa\u010dn\u00e9 n\u00e1stroje ktor\u00e9 maj\u00fa k dispoz\u00edci\u00ed.&nbsp;<\/p>\n\n\n\n<p class=\"has-black-color has-white-background-color has-text-color has-background has-link-color wp-elements-7f893fd3dd65ca610352a60f8031fbaa\">Nehovoriac o pedag\u00f3goch, ktor\u00ed \u010delia ve\u013ekej v\u00fdzve \u00eds\u0165 s dobou a adaptova\u0165 sa na nov\u00e9, modern\u00e9 sp\u00f4soby vzdel\u00e1vania, nov\u00e9 priate\u013eskej\u0161ie pr\u00edstupy k \u017eiakom a \u0161tudentom a celkov\u00fd ment\u00e1lny a du\u0161evn\u00fd sebarozvoj. Dne\u0161n\u00e9 deti toti\u017e nebud\u00fa re\u0161pektova\u0165 u\u010dite\u013ea len preto, \u017ee im to prik\u00e1\u017ee a zv\u00fd\u0161i na nich hlas. Pedag\u00f3g si m\u00f4\u017ee vybudova\u0165 dlhodob\u00fd re\u0161pekt tak, \u017ee sa stane pre \u017eiakov pr\u00edkladom vo svojom obore, in\u0161piruje ich a motivuje v ich vlastn\u00fdch n\u00e1padoch. Dne\u0161n\u00fd pedag\u00f3g je sprievodca ktor\u00fd m\u00e1 nasmerova\u0165 deti k h\u013eadaniu rie\u0161en\u00ed.&nbsp;<\/p>\n\n\n\n<p class=\"has-black-color has-white-background-color has-text-color has-background has-link-color has-medium-font-size wp-elements-d141229f893b695e0eaa55952ca4a2b6\"><strong>V\u00fdchova k podnikavosti nie je biznis<\/strong><\/p>\n\n\n\n<p class=\"has-black-color has-white-background-color has-text-color has-background has-link-color wp-elements-9369c61cee22c75e4923df281c2c885d\">Podnikate\u013esk\u00e9 vzdelanie nie je len o veden\u00ed vlastn\u00e9ho biznisu. Je to o rozvoji myslenia, kreativity, odvahy, kde mlad\u00fd \u010dlovek vn\u00edma probl\u00e9my spolo\u010dnosti ako pr\u00edle\u017eitosti na zlep\u0161enie prostredia v ktorom \u017eije.&nbsp; Z\u00e1rove\u0148 sa u\u010d\u00ed rozm\u00fd\u0161\u013ea\u0165 \u010faleko za hranice zn\u00e1meho, ktor\u00e9 s\u00fa \u010dasto vyhranen\u00e9 pr\u00e1ve pedag\u00f3gmi &#8211; zamestnancami, ktor\u00fdm absol\u00fatne ch\u00fdba podnikate\u013esk\u00fd rozmer. U\u010d\u00ed sa kl\u00e1s\u0165 spr\u00e1vne ot\u00e1zky, ktor\u00e9 mu daj\u00fa odpovede a postupne rozplet\u00e1 svoju cestu k podnikaniu.V novom, nezn\u00e1mom prodstred\u00ed sa mlad\u00fd \u010dlovek nau\u010d\u00ed by\u0165 flexibiln\u00fd, otvoren\u00fd a pln\u00fd re\u0161pektu ku v\u0161etk\u00fdm mo\u017en\u00fdm rozdielom v spolo\u010dnosti.<\/p>\n\n\n\n<p class=\"has-black-color has-white-background-color has-text-color has-background has-link-color has-medium-font-size wp-elements-d57350dfaba8d950871c0fd668c0274e\"><strong>&nbsp;Hodnotov\u00fd z\u00e1klad vo vzdel\u00e1van\u00ed<\/strong><\/p>\n\n\n\n<p class=\"has-black-color has-white-background-color has-text-color has-background has-link-color wp-elements-fb1e8447eebe6c42c75be649f9062d37\">V\u0161etky tieto pr\u00edstupy k de\u0165om a teenagerom s\u00fa z\u00e1kladom na\u0161ich vzdel\u00e1vac\u00edch programov. Lektorov a pedag\u00f3gov vyber\u00e1me nielen pod\u013ea profesion\u00e1lnych sk\u00fasenost\u00ed, ale aj pod\u013ea miery \u013eudskosti, re\u0161pektu k mladej gener\u00e1ci\u00ed a otvorenosti nov\u00fdm v\u00fdzvam.&nbsp;<\/p>\n\n\n\n<p class=\"has-black-color has-white-background-color has-text-color has-background has-link-color wp-elements-a8ec5019fe660b3da52362fdc15bee24\">Vo vzdel\u00e1vacom programe Mlad\u00fd podnikate\u013e sa lektori a \u0161tudenti zaoberaj\u00fa t\u00e9mami ako mindset a myslenie podnikate\u013ea, motiv\u00e1cia, discipl\u00edna a organiz\u00e1cia \u010dasu a n\u00e1sledne praktick\u00fdmi zru\u010dnos\u0165ami ako podnikate\u013esk\u00fd pl\u00e1n, finan\u010dn\u00fd pl\u00e1n, h\u013eadanie cie\u013eov\u00e9ho z\u00e1kazn\u00edka a tvorbou reklamy.&nbsp;Workshop Mlad\u00fd podnikate\u013e nezab\u00fada ani na \u010fal\u0161ie d\u00f4le\u017eit\u00e9 aspekty podnikania, ako s\u00fa \u00fa\u010dtovn\u00edctvo, mzdy, odvody, dane a z\u00e1kony. Toto v\u0161etko smeruje k tomu, aby mlad\u00ed \u013eudia mali komplexn\u00e9 zru\u010dnosti potrebn\u00e9 pre riadenie vlastn\u00e9ho podnikania a hlavne vlastn\u00e9ho \u017eivota.<\/p>\n\n\n\n<p class=\"has-black-color has-white-background-color has-text-color has-background has-link-color has-medium-font-size wp-elements-922d5ece3d570a50c41ebeb04fbac8a1\"><strong>Certifik\u00e1t Centra Finan\u010dn\u00e9ho Vzdelania ako k\u013e\u00fa\u010d k \u00faspechu<\/strong><\/p>\n\n\n\n<p class=\"has-black-color has-white-background-color has-text-color has-background has-link-color wp-elements-783469200c1e4c661522484c6e5dfe43\">Absolventi workshopu z\u00edskavaj\u00fa certifik\u00e1t v slovenskom alebo anglickom jazyku, ktor\u00fd nie je len symbolom \u00fa\u010dasti, ale aj cenn\u00fdm pr\u00edrastkom k ich \u017eivotopisu. Certifik\u00e1t m\u00f4\u017ee by\u0165 n\u00e1pomocn\u00fd pri prihl\u00e1\u0161ke na vysok\u00fa \u0161kolu alebo pri h\u013eadan\u00ed pracovn\u00fdch pr\u00edle\u017eitost\u00ed, preto\u017ee preukazuje z\u00edskan\u00e9 zru\u010dnosti v oblasti podnikania, rovnako ako dokazuje cie\u013eavedomos\u0165 \u0161tudenta spravi\u0165 nie\u010do navy\u0161e a vykro\u010di\u0165 zo \u0161ed\u00e9ho priemeru.&nbsp;<\/p>\n\n\n\n<p class=\"has-black-color has-white-background-color has-text-color has-background has-link-color wp-elements-03c5f1f965535bc11f54c7fcf98671d5\">Na\u0161ou misiou je vychova\u0165 a vzdela\u0165 kvalitn\u00fdch mlad\u00fdch profesion\u00e1lov, ktor\u00ed vnes\u00fa do bud\u00facnosti na Slovensku viac svetla a prosperity pre cel\u00fa spolo\u010dnos\u0165.&nbsp;Ak chcete by\u0165 pripraven\u00ed na v\u00fdzvy a pr\u00edle\u017eitosti bud\u00facnosti, nev\u00e1hajte a zaregistrujte svoje deti, alebo svojich \u017eiakov a dajte im mo\u017enos\u0165 za\u010da\u0165 svoju cestu praktick\u00e9ho sebarozvoja a podnikania e\u0161te dnes. Prejdite na<a href=\"https:\/\/efc-skola.sk\/en\/workshopy\/\"> https:\/\/efc-skola.sk\/workshopy\/<\/a> a kontaktujte n\u00e1s.&nbsp;<\/p>\n\n\n\n<p class=\"has-black-color has-white-background-color has-text-color has-background has-link-color wp-elements-4531f678d7a991ed63e1e28f6ec3ba4e\">T\u00e1to misia je na\u0161a spolo\u010dn\u00e1. Prajem v\u00e1m \u00faspe\u0161n\u00e9 dni.                                                                    <strong>Nat\u00e1lia Anto\u0161ov\u00e1, M.S.   <\/strong>                                                                                                     zakladate\u013eka Centra Finan\u010dn\u00e9ho Vzdelania,                                                                                            autorka stolovej hry VR\u20acCKOV\u00c9<\/p>\n\n\n\n<p class=\"has-black-color has-white-background-color has-text-color has-background has-link-color wp-elements-5c42473f2433476dce221b757a068623\">Janu\u00e1r 2024<\/p>","protected":false},"excerpt":{"rendered":"<p>V dne\u0161nej dobe je podnikanie viac ne\u017e len vlastn\u00fd biznis. Je to nov\u00fd my\u0161lienkov\u00fd r\u00e1mec, ktor\u00fd m\u00f4\u017ee otvori\u0165 dvere mlad\u00e9ho \u010dloveka k tvorbe pr\u00edle\u017eitost\u00ed, inov\u00e1ci\u00e1m a osobn\u00e9mu rozvoju a celkov\u00e9mu \u00faspechu v \u017eivote, ktor\u00fd sa net\u00fdka len zaroben\u00fdch pe\u0148az\u00ed. Preto nie je prekvapuj\u00face, \u017ee st\u00e1le viac mlad\u00fdch \u013eud\u00ed sa sna\u017e\u00ed z\u00edskava\u0165 podnikate\u013esk\u00e9 vzdelanie u\u017e po\u010das [&hellip;]<\/p>\n","protected":false},"author":386,"featured_media":0,"comment_status":"closed","ping_status":"closed","sticky":true,"template":"","format":"standard","meta":{"_jetpack_memberships_contains_paid_content":false,"footnotes":"","jetpack_publicize_message":"","jetpack_publicize_feature_enabled":true,"jetpack_social_post_already_shared":false,"jetpack_social_options":{"image_generator_settings":{"template":"highway","default_image_id":0,"font":"","enabled":false},"version":2}},"categories":[1],"tags":[],"class_list":["post-17839","post","type-post","status-publish","format-standard","hentry","category-nezaradene"],"yoast_head":"<!-- This site is optimized with the Yoast SEO plugin v26.9 - https:\/\/yoast.com\/product\/yoast-seo-wordpress\/ -->\n<title>V\u00fdchova k podnikavosti u\u017e od z\u00e1kladnej \u0161koly - EFC<\/title>\n<meta name=\"robots\" content=\"index, follow, max-snippet:-1, max-image-preview:large, max-video-preview:-1\" \/>\n<link rel=\"canonical\" href=\"https:\/\/efc-skola.sk\/en\/vychova-k-podnikavosti-uz-od-zakladnej-skoly\/\" \/>\n<meta property=\"og:locale\" content=\"en_GB\" \/>\n<meta property=\"og:type\" content=\"article\" \/>\n<meta property=\"og:title\" content=\"V\u00fdchova k podnikavosti u\u017e od z\u00e1kladnej \u0161koly - EFC\" \/>\n<meta property=\"og:description\" content=\"V dne\u0161nej dobe je podnikanie viac ne\u017e len vlastn\u00fd biznis. Je to nov\u00fd my\u0161lienkov\u00fd r\u00e1mec, ktor\u00fd m\u00f4\u017ee otvori\u0165 dvere mlad\u00e9ho \u010dloveka k tvorbe pr\u00edle\u017eitost\u00ed, inov\u00e1ci\u00e1m a osobn\u00e9mu rozvoju a celkov\u00e9mu \u00faspechu v \u017eivote, ktor\u00fd sa net\u00fdka len zaroben\u00fdch pe\u0148az\u00ed. Preto nie je prekvapuj\u00face, \u017ee st\u00e1le viac mlad\u00fdch \u013eud\u00ed sa sna\u017e\u00ed z\u00edskava\u0165 podnikate\u013esk\u00e9 vzdelanie u\u017e po\u010das [&hellip;]\" \/>\n<meta property=\"og:url\" content=\"https:\/\/efc-skola.sk\/en\/vychova-k-podnikavosti-uz-od-zakladnej-skoly\/\" \/>\n<meta property=\"og:site_name\" content=\"EFC\" \/>\n<meta property=\"article:published_time\" content=\"2024-01-25T09:30:43+00:00\" \/>\n<meta property=\"article:modified_time\" content=\"2024-01-25T09:35:48+00:00\" \/>\n<meta name=\"author\" content=\"Nat\u00e1lia Anto\u0161ov\u00e1\" \/>\n<meta name=\"twitter:card\" content=\"summary_large_image\" \/>\n<meta name=\"twitter:label1\" content=\"Written by\" \/>\n\t<meta name=\"twitter:data1\" content=\"Nat\u00e1lia Anto\u0161ov\u00e1\" \/>\n\t<meta name=\"twitter:label2\" content=\"Estimated reading time\" \/>\n\t<meta name=\"twitter:data2\" content=\"4 minutes\" \/>\n<script type=\"application\/ld+json\" class=\"yoast-schema-graph\">{\"@context\":\"https:\/\/schema.org\",\"@graph\":[{\"@type\":\"Article\",\"@id\":\"https:\/\/efc-skola.sk\/vychova-k-podnikavosti-uz-od-zakladnej-skoly\/#article\",\"isPartOf\":{\"@id\":\"https:\/\/efc-skola.sk\/vychova-k-podnikavosti-uz-od-zakladnej-skoly\/\"},\"author\":{\"name\":\"Nat\u00e1lia Anto\u0161ov\u00e1\",\"@id\":\"https:\/\/efc-skola.sk\/#\/schema\/person\/3647934de715a7d646a65933c0def1f9\"},\"headline\":\"V\u00fdchova k podnikavosti u\u017e od z\u00e1kladnej \u0161koly\",\"datePublished\":\"2024-01-25T09:30:43+00:00\",\"dateModified\":\"2024-01-25T09:35:48+00:00\",\"mainEntityOfPage\":{\"@id\":\"https:\/\/efc-skola.sk\/vychova-k-podnikavosti-uz-od-zakladnej-skoly\/\"},\"wordCount\":849,\"publisher\":{\"@id\":\"https:\/\/efc-skola.sk\/#organization\"},\"articleSection\":[\"Nezaraden\u00e9\"],\"inLanguage\":\"en-GB\"},{\"@type\":\"WebPage\",\"@id\":\"https:\/\/efc-skola.sk\/vychova-k-podnikavosti-uz-od-zakladnej-skoly\/\",\"url\":\"https:\/\/efc-skola.sk\/vychova-k-podnikavosti-uz-od-zakladnej-skoly\/\",\"name\":\"V\u00fdchova k podnikavosti u\u017e od z\u00e1kladnej \u0161koly - EFC\",\"isPartOf\":{\"@id\":\"https:\/\/efc-skola.sk\/#website\"},\"datePublished\":\"2024-01-25T09:30:43+00:00\",\"dateModified\":\"2024-01-25T09:35:48+00:00\",\"breadcrumb\":{\"@id\":\"https:\/\/efc-skola.sk\/vychova-k-podnikavosti-uz-od-zakladnej-skoly\/#breadcrumb\"},\"inLanguage\":\"en-GB\",\"potentialAction\":[{\"@type\":\"ReadAction\",\"target\":[\"https:\/\/efc-skola.sk\/vychova-k-podnikavosti-uz-od-zakladnej-skoly\/\"]}]},{\"@type\":\"BreadcrumbList\",\"@id\":\"https:\/\/efc-skola.sk\/vychova-k-podnikavosti-uz-od-zakladnej-skoly\/#breadcrumb\",\"itemListElement\":[{\"@type\":\"ListItem\",\"position\":1,\"name\":\"\u00davod\",\"item\":\"https:\/\/efc-skola.sk\/\"},{\"@type\":\"ListItem\",\"position\":2,\"name\":\"V\u00fdchova k podnikavosti u\u017e od z\u00e1kladnej \u0161koly\"}]},{\"@type\":\"WebSite\",\"@id\":\"https:\/\/efc-skola.sk\/#website\",\"url\":\"https:\/\/efc-skola.sk\/\",\"name\":\"EFC\",\"description\":\"Centrum finan\u010dn\u00e9ho vzdelania\",\"publisher\":{\"@id\":\"https:\/\/efc-skola.sk\/#organization\"},\"potentialAction\":[{\"@type\":\"SearchAction\",\"target\":{\"@type\":\"EntryPoint\",\"urlTemplate\":\"https:\/\/efc-skola.sk\/?s={search_term_string}\"},\"query-input\":{\"@type\":\"PropertyValueSpecification\",\"valueRequired\":true,\"valueName\":\"search_term_string\"}}],\"inLanguage\":\"en-GB\"},{\"@type\":\"Organization\",\"@id\":\"https:\/\/efc-skola.sk\/#organization\",\"name\":\"EFC\",\"url\":\"https:\/\/efc-skola.sk\/\",\"logo\":{\"@type\":\"ImageObject\",\"inLanguage\":\"en-GB\",\"@id\":\"https:\/\/efc-skola.sk\/#\/schema\/logo\/image\/\",\"url\":\"https:\/\/efc-skola.sk\/wp-content\/uploads\/2023\/07\/mottotag28954.png\",\"contentUrl\":\"https:\/\/efc-skola.sk\/wp-content\/uploads\/2023\/07\/mottotag28954.png\",\"width\":421,\"height\":420,\"caption\":\"EFC\"},\"image\":{\"@id\":\"https:\/\/efc-skola.sk\/#\/schema\/logo\/image\/\"},\"sameAs\":[\"https:\/\/www.instagram.com\/prosekuj\/\"]},{\"@type\":\"Person\",\"@id\":\"https:\/\/efc-skola.sk\/#\/schema\/person\/3647934de715a7d646a65933c0def1f9\",\"name\":\"Nat\u00e1lia Anto\u0161ov\u00e1\",\"url\":\"https:\/\/efc-skola.sk\/en\/author\/natalia-antosova\/\"}]}<\/script>\n<!-- \/ Yoast SEO plugin. -->","yoast_head_json":{"title":"V\u00fdchova k podnikavosti u\u017e od z\u00e1kladnej \u0161koly - EFC","robots":{"index":"index","follow":"follow","max-snippet":"max-snippet:-1","max-image-preview":"max-image-preview:large","max-video-preview":"max-video-preview:-1"},"canonical":"https:\/\/efc-skola.sk\/en\/vychova-k-podnikavosti-uz-od-zakladnej-skoly\/","og_locale":"en_GB","og_type":"article","og_title":"V\u00fdchova k podnikavosti u\u017e od z\u00e1kladnej \u0161koly - EFC","og_description":"V dne\u0161nej dobe je podnikanie viac ne\u017e len vlastn\u00fd biznis. Je to nov\u00fd my\u0161lienkov\u00fd r\u00e1mec, ktor\u00fd m\u00f4\u017ee otvori\u0165 dvere mlad\u00e9ho \u010dloveka k tvorbe pr\u00edle\u017eitost\u00ed, inov\u00e1ci\u00e1m a osobn\u00e9mu rozvoju a celkov\u00e9mu \u00faspechu v \u017eivote, ktor\u00fd sa net\u00fdka len zaroben\u00fdch pe\u0148az\u00ed. Preto nie je prekvapuj\u00face, \u017ee st\u00e1le viac mlad\u00fdch \u013eud\u00ed sa sna\u017e\u00ed z\u00edskava\u0165 podnikate\u013esk\u00e9 vzdelanie u\u017e po\u010das [&hellip;]","og_url":"https:\/\/efc-skola.sk\/en\/vychova-k-podnikavosti-uz-od-zakladnej-skoly\/","og_site_name":"EFC","article_published_time":"2024-01-25T09:30:43+00:00","article_modified_time":"2024-01-25T09:35:48+00:00","author":"Nat\u00e1lia Anto\u0161ov\u00e1","twitter_card":"summary_large_image","twitter_misc":{"Written by":"Nat\u00e1lia Anto\u0161ov\u00e1","Estimated reading time":"4 minutes"},"schema":{"@context":"https:\/\/schema.org","@graph":[{"@type":"Article","@id":"https:\/\/efc-skola.sk\/vychova-k-podnikavosti-uz-od-zakladnej-skoly\/#article","isPartOf":{"@id":"https:\/\/efc-skola.sk\/vychova-k-podnikavosti-uz-od-zakladnej-skoly\/"},"author":{"name":"Nat\u00e1lia Anto\u0161ov\u00e1","@id":"https:\/\/efc-skola.sk\/#\/schema\/person\/3647934de715a7d646a65933c0def1f9"},"headline":"V\u00fdchova k podnikavosti u\u017e od z\u00e1kladnej \u0161koly","datePublished":"2024-01-25T09:30:43+00:00","dateModified":"2024-01-25T09:35:48+00:00","mainEntityOfPage":{"@id":"https:\/\/efc-skola.sk\/vychova-k-podnikavosti-uz-od-zakladnej-skoly\/"},"wordCount":849,"publisher":{"@id":"https:\/\/efc-skola.sk\/#organization"},"articleSection":["Nezaraden\u00e9"],"inLanguage":"en-GB"},{"@type":"WebPage","@id":"https:\/\/efc-skola.sk\/vychova-k-podnikavosti-uz-od-zakladnej-skoly\/","url":"https:\/\/efc-skola.sk\/vychova-k-podnikavosti-uz-od-zakladnej-skoly\/","name":"V\u00fdchova k podnikavosti u\u017e od z\u00e1kladnej \u0161koly - EFC","isPartOf":{"@id":"https:\/\/efc-skola.sk\/#website"},"datePublished":"2024-01-25T09:30:43+00:00","dateModified":"2024-01-25T09:35:48+00:00","breadcrumb":{"@id":"https:\/\/efc-skola.sk\/vychova-k-podnikavosti-uz-od-zakladnej-skoly\/#breadcrumb"},"inLanguage":"en-GB","potentialAction":[{"@type":"ReadAction","target":["https:\/\/efc-skola.sk\/vychova-k-podnikavosti-uz-od-zakladnej-skoly\/"]}]},{"@type":"BreadcrumbList","@id":"https:\/\/efc-skola.sk\/vychova-k-podnikavosti-uz-od-zakladnej-skoly\/#breadcrumb","itemListElement":[{"@type":"ListItem","position":1,"name":"\u00davod","item":"https:\/\/efc-skola.sk\/"},{"@type":"ListItem","position":2,"name":"V\u00fdchova k podnikavosti u\u017e od z\u00e1kladnej \u0161koly"}]},{"@type":"WebSite","@id":"https:\/\/efc-skola.sk\/#website","url":"https:\/\/efc-skola.sk\/","name":"EFC","description":"Financial Education Centre","publisher":{"@id":"https:\/\/efc-skola.sk\/#organization"},"potentialAction":[{"@type":"SearchAction","target":{"@type":"EntryPoint","urlTemplate":"https:\/\/efc-skola.sk\/?s={search_term_string}"},"query-input":{"@type":"PropertyValueSpecification","valueRequired":true,"valueName":"search_term_string"}}],"inLanguage":"en-GB"},{"@type":"Organization","@id":"https:\/\/efc-skola.sk\/#organization","name":"EFC","url":"https:\/\/efc-skola.sk\/","logo":{"@type":"ImageObject","inLanguage":"en-GB","@id":"https:\/\/efc-skola.sk\/#\/schema\/logo\/image\/","url":"https:\/\/efc-skola.sk\/wp-content\/uploads\/2023\/07\/mottotag28954.png","contentUrl":"https:\/\/efc-skola.sk\/wp-content\/uploads\/2023\/07\/mottotag28954.png","width":421,"height":420,"caption":"EFC"},"image":{"@id":"https:\/\/efc-skola.sk\/#\/schema\/logo\/image\/"},"sameAs":["https:\/\/www.instagram.com\/prosekuj\/"]},{"@type":"Person","@id":"https:\/\/efc-skola.sk\/#\/schema\/person\/3647934de715a7d646a65933c0def1f9","name":"Nat\u00e1lia Anto\u0161ov\u00e1","url":"https:\/\/efc-skola.sk\/en\/author\/natalia-antosova\/"}]}},"jetpack_publicize_connections":[],"jetpack_featured_media_url":"","jetpack_sharing_enabled":true,"_links":{"self":[{"href":"https:\/\/efc-skola.sk\/en\/wp-json\/wp\/v2\/posts\/17839","targetHints":{"allow":["GET"]}}],"collection":[{"href":"https:\/\/efc-skola.sk\/en\/wp-json\/wp\/v2\/posts"}],"about":[{"href":"https:\/\/efc-skola.sk\/en\/wp-json\/wp\/v2\/types\/post"}],"author":[{"embeddable":true,"href":"https:\/\/efc-skola.sk\/en\/wp-json\/wp\/v2\/users\/386"}],"replies":[{"embeddable":true,"href":"https:\/\/efc-skola.sk\/en\/wp-json\/wp\/v2\/comments?post=17839"}],"version-history":[{"count":3,"href":"https:\/\/efc-skola.sk\/en\/wp-json\/wp\/v2\/posts\/17839\/revisions"}],"predecessor-version":[{"id":17842,"href":"https:\/\/efc-skola.sk\/en\/wp-json\/wp\/v2\/posts\/17839\/revisions\/17842"}],"wp:attachment":[{"href":"https:\/\/efc-skola.sk\/en\/wp-json\/wp\/v2\/media?parent=17839"}],"wp:term":[{"taxonomy":"category","embeddable":true,"href":"https:\/\/efc-skola.sk\/en\/wp-json\/wp\/v2\/categories?post=17839"},{"taxonomy":"post_tag","embeddable":true,"href":"https:\/\/efc-skola.sk\/en\/wp-json\/wp\/v2\/tags?post=17839"}],"curies":[{"name":"wp","href":"https:\/\/api.w.org\/{rel}","templated":true}]}}